{"id":79,"date":"2016-12-09T08:20:53","date_gmt":"2016-12-09T06:20:53","guid":{"rendered":"http:\/\/www.erdemlersozlugu.org\/?p=79"},"modified":"2017-03-20T09:28:55","modified_gmt":"2017-03-20T07:28:55","slug":"tutkulara-ve-aliskanliklara-hakim-olmak","status":"publish","type":"post","link":"https:\/\/erdemlersozlugu.org\/?p=79","title":{"rendered":"TUTKULARA ve ALI\u015eKANLIKLARA HAK\u0130M OLMAK <br> \u0130rade ve yarg\u0131lar\u0131 a\u015fan g\u00fc\u00e7l\u00fc co\u015fku ve ihtiraslara hakim olmak. \u0130\u00e7imizde yer etmi\u015f kusurlar\u0131 engellemek. <br>"},"content":{"rendered":"<p>K\u0131\u015fk\u0131rtmayan k\u00f6t\u00fcl\u00fck yoktur. Tamah, para vaat eder; l\u00fcks t\u00fcrl\u00fc t\u00fcrl\u00fc haz; tutku erguvan rengi bir urba ve alk\u0131\u015f. Zevk ve e\u011flenceye d\u00fc\u015fk\u00fcnl\u00fck, sundu\u011fu arma\u011fanlarla ba\u015ftan \u00e7\u0131kar\u0131r ki\u015fiyi.<br \/>\n<em>Seneca<\/em><\/p>\n<p>&nbsp;<\/p>\n<p>\u0130nsan, arzular\u0131 y\u00fcz\u00fcnden kendine gerekli olan\u0131 bulamaz.<br \/>\n<em>Montaigne<\/em><\/p>\n<p>&nbsp;<\/p>\n<p>Arzular\u0131n\u0131 ve tutkular\u0131n\u0131 ortadan kald\u0131r. Art\u0131k senin i\u00e7in hi\u00e7bir zalim kalmaz.<br \/>\n<em>Epiktetos<\/em><\/p>\n<p>&nbsp;<\/p>\n<p>Arzular! Hi\u00e7 mi yorulmayacaks\u0131n\u0131z?<br \/>\n<em>Andre Gide<\/em><\/p>\n<p><!--more--><\/p>\n<p>&nbsp;<\/p>\n<p>Arzular\u0131m\u0131z bizden, as\u0131l istedi\u011fimiz \u015feyi bile gizlerler.<br \/>\n<em>Goethe<\/em><\/p>\n<p>&nbsp;<\/p>\n<p>Arzu \u00f6yle bir \u015feydir ki hi\u00e7 doymak bilmez; bir\u00e7ok insan\u0131n hayat\u0131 arzular\u0131 doyurma yollar\u0131n\u0131 aramakla ge\u00e7er.<br \/>\n<em>Aristoteles<\/em><\/p>\n<p>&nbsp;<\/p>\n<p>Bir \u015feyi \u015fiddetle arzulamak ruhunu ba\u015fka \u015feyler i\u00e7in k\u00f6r etmektir.<br \/>\n<em>Demokritos<\/em><\/p>\n<p>&nbsp;<\/p>\n<p>Mutluluk ile arzu birlikte olamazlar.<br \/>\n<em>Epiktetos<\/em><\/p>\n<p>&nbsp;<\/p>\n<p>\u0130htiraslar\u0131 alt etmek, silah g\u00fcc\u00fcyle d\u00fcnyay\u0131 h\u00fck\u00fcm alt\u0131na almaktan daha \u00e7etindir.<br \/>\n<em>Gandhi<\/em><\/p>\n<p>&nbsp;<\/p>\n<p>Tutkulara itaat etmekten daha b\u00fcy\u00fck bir yan\u0131lg\u0131 olamaz.<br \/>\n<em>Lao-Tse<\/em><\/p>\n<p>&nbsp;<\/p>\n<p>H\u0131rslar\u0131n sonuna eri\u015fmek, g\u00f6kku\u015fa\u011f\u0131n\u0131n ucuna eri\u015fmeye benzer; biz ula\u015f\u0131rken onlar ka\u00e7\u0131p gider.<br \/>\n<em>E. Burke<\/em><\/p>\n<p>&nbsp;<\/p>\n<p>\u015ean ve \u015f\u00f6hret: Bu iki ihtiras ihtiyarl\u0131k bilmez.<br \/>\n<em>Plutarkhos<\/em><\/p>\n<p>&nbsp;<\/p>\n<p>Bu d\u00fcnya tuzakt\u0131r, tanesi de arzular.<br \/>\n<em>Mevl\u00e2na<\/em><\/p>\n<p>&nbsp;<\/p>\n<p>\u0130nsan, tutkunun k\u00f6lesi oldu\u011fu zaman, \u00f6zg\u00fcrl\u00fckten yoksun kal\u0131r.<br \/>\n<em>Platon<\/em><\/p>\n<p>&nbsp;<\/p>\n<p><span style=\"font-family: Symbol; font-size: xx-small;\">\u00a0<\/span>Eskinin ve al\u0131\u015fkanl\u0131\u011f\u0131n g\u00fcc\u00fc ne b\u00fcy\u00fck.<br \/>\n<em>\u00c7i\u00e7ero<\/em><\/p>\n","protected":false},"excerpt":{"rendered":"<p>K\u0131\u015fk\u0131rtmayan k\u00f6t\u00fcl\u00fck yoktur. Tamah, para vaat eder; l\u00fcks t\u00fcrl\u00fc t\u00fcrl\u00fc haz; tutku erguvan rengi bir urba ve alk\u0131\u015f. Zevk ve e\u011flenceye d\u00fc\u015fk\u00fcnl\u00fck, sundu\u011fu arma\u011fanlarla ba\u015ftan \u00e7\u0131kar\u0131r ki\u015fiyi. Seneca &nbsp; \u0130nsan, arzular\u0131 y\u00fcz\u00fcnden kendine gerekli olan\u0131 bulamaz. Montaigne &nbsp; Arzular\u0131n\u0131 ve tutkular\u0131n\u0131 ortadan kald\u0131r. Art\u0131k senin i\u00e7in hi\u00e7bir zalim kalmaz. Epiktetos &nbsp; Arzular! Hi\u00e7 mi yorulmayacaks\u0131n\u0131z? Andre Gide<\/p>\n","protected":false},"author":3,"featured_media":1154,"comment_status":"open","ping_status":"open","sticky":false,"template":"","format":"standard","meta":[],"categories":[1],"tags":[92],"_links":{"self":[{"href":"https:\/\/erdemlersozlugu.org\/index.php?rest_route=\/wp\/v2\/posts\/79"}],"collection":[{"href":"https:\/\/erdemlersozlugu.org\/index.php?rest_route=\/wp\/v2\/posts"}],"about":[{"href":"https:\/\/erdemlersozlugu.org\/index.php?rest_route=\/wp\/v2\/types\/post"}],"author":[{"embeddable":true,"href":"https:\/\/erdemlersozlugu.org\/index.php?rest_route=\/wp\/v2\/users\/3"}],"replies":[{"embeddable":true,"href":"https:\/\/erdemlersozlugu.org\/index.php?rest_route=%2Fwp%2Fv2%2Fcomments&post=79"}],"version-history":[{"count":5,"href":"https:\/\/erdemlersozlugu.org\/index.php?rest_route=\/wp\/v2\/posts\/79\/revisions"}],"predecessor-version":[{"id":1153,"href":"https:\/\/erdemlersozlugu.org\/index.php?rest_route=\/wp\/v2\/posts\/79\/revisions\/1153"}],"wp:featuredmedia":[{"embeddable":true,"href":"https:\/\/erdemlersozlugu.org\/index.php?rest_route=\/wp\/v2\/media\/1154"}],"wp:attachment":[{"href":"https:\/\/erdemlersozlugu.org\/index.php?rest_route=%2Fwp%2Fv2%2Fmedia&parent=79"}],"wp:term":[{"taxonomy":"category","embeddable":true,"href":"https:\/\/erdemlersozlugu.org\/index.php?rest_route=%2Fwp%2Fv2%2Fcategories&post=79"},{"taxonomy":"post_tag","embeddable":true,"href":"https:\/\/erdemlersozlugu.org\/index.php?rest_route=%2Fwp%2Fv2%2Ftags&post=79"}],"curies":[{"name":"wp","href":"https:\/\/api.w.org\/{rel}","templated":true}]}}