{"id":395,"date":"2016-12-15T14:57:59","date_gmt":"2016-12-15T12:57:59","guid":{"rendered":"http:\/\/www.erdemlersozlugu.org\/?p=395"},"modified":"2017-03-13T22:25:09","modified_gmt":"2017-03-13T20:25:09","slug":"neseli-olmak","status":"publish","type":"post","link":"https:\/\/erdemlersozlugu.org\/?p=395","title":{"rendered":"NE\u015eEL\u0130 OLMAK<br> Ki\u015finin ya\u015famaktan mutlu oldu\u011funu davran\u0131\u015flar\u0131yla belli etmesi; sevin\u00e7li, keyifli, \u015fen olma.<br>"},"content":{"rendered":"<p>\u015eayet sa\u011flam bir istekle aynay\u0131 biraz daha kald\u0131r\u0131rsak d\u00fcnyadaki ters \u015feylerin bulan\u0131kla\u015ft\u0131\u011f\u0131n\u0131 g\u00f6rece\u011fiz ve \u0131\u015f\u0131k g\u00f6\u011f\u00fc kalbimize g\u00fczellik ve ne\u015fe getirecektir.<br \/>\n<em>Jorge Angel Livraga<\/em><\/p>\n<p>&nbsp;<\/p>\n<p>Zekan\u0131n en \u00e7ok g\u00f6r\u00fclen i\u015faret ve belirtisi ne\u015fedir.<br \/>\n<em>Montaigne<\/em><\/p>\n<p>&nbsp;<\/p>\n<p>Ak\u0131ls\u0131zlar, h\u0131rs\u0131zlar\u0131n en zararl\u0131lar\u0131d\u0131r. Zaman\u0131n\u0131z\u0131 ve ne\u015fenizi \u00e7alarlar.<br \/>\n<em>Goethe<\/em><\/p>\n<p>&nbsp;<\/p>\n<p>Kederlili\u011fin ve ne\u015fenin \u015feylerin i\u00e7inde olmad\u0131\u011f\u0131 a\u015fik\u00e2rd\u0131r. Bizim i\u00e7imizdedir.<br \/>\n<em>Delia Steinberg Guzman<\/em><\/p>\n<p>&nbsp;<\/p>\n<p>\u0130nsan, g\u00fclmedi\u011fi g\u00fcn\u00fc, ya\u015fad\u0131m diye hayat defterine kaydetmemelidir.\u00a0<em>\u00a0<\/em><br \/>\n<em>Sokrates<\/em><\/p>\n","protected":false},"excerpt":{"rendered":"<p>\u015eayet sa\u011flam bir istekle aynay\u0131 biraz daha kald\u0131r\u0131rsak d\u00fcnyadaki ters \u015feylerin bulan\u0131kla\u015ft\u0131\u011f\u0131n\u0131 g\u00f6rece\u011fiz ve \u0131\u015f\u0131k g\u00f6\u011f\u00fc kalbimize g\u00fczellik ve ne\u015fe getirecektir. Jorge Angel Livraga &nbsp; Zekan\u0131n en \u00e7ok g\u00f6r\u00fclen i\u015faret ve belirtisi ne\u015fedir. Montaigne &nbsp; Ak\u0131ls\u0131zlar, h\u0131rs\u0131zlar\u0131n en zararl\u0131lar\u0131d\u0131r. Zaman\u0131n\u0131z\u0131 ve ne\u015fenizi \u00e7alarlar. Goethe &nbsp; Kederlili\u011fin ve ne\u015fenin \u015feylerin i\u00e7inde olmad\u0131\u011f\u0131 a\u015fik\u00e2rd\u0131r. Bizim i\u00e7imizdedir. Delia Steinberg Guzman &nbsp; \u0130nsan, g\u00fclmedi\u011fi &#8230;<\/p>\n","protected":false},"author":3,"featured_media":578,"comment_status":"closed","ping_status":"closed","sticky":false,"template":"","format":"standard","meta":[],"categories":[1],"tags":[11],"_links":{"self":[{"href":"https:\/\/erdemlersozlugu.org\/index.php?rest_route=\/wp\/v2\/posts\/395"}],"collection":[{"href":"https:\/\/erdemlersozlugu.org\/index.php?rest_route=\/wp\/v2\/posts"}],"about":[{"href":"https:\/\/erdemlersozlugu.org\/index.php?rest_route=\/wp\/v2\/types\/post"}],"author":[{"embeddable":true,"href":"https:\/\/erdemlersozlugu.org\/index.php?rest_route=\/wp\/v2\/users\/3"}],"replies":[{"embeddable":true,"href":"https:\/\/erdemlersozlugu.org\/index.php?rest_route=%2Fwp%2Fv2%2Fcomments&post=395"}],"version-history":[{"count":38,"href":"https:\/\/erdemlersozlugu.org\/index.php?rest_route=\/wp\/v2\/posts\/395\/revisions"}],"predecessor-version":[{"id":872,"href":"https:\/\/erdemlersozlugu.org\/index.php?rest_route=\/wp\/v2\/posts\/395\/revisions\/872"}],"wp:featuredmedia":[{"embeddable":true,"href":"https:\/\/erdemlersozlugu.org\/index.php?rest_route=\/wp\/v2\/media\/578"}],"wp:attachment":[{"href":"https:\/\/erdemlersozlugu.org\/index.php?rest_route=%2Fwp%2Fv2%2Fmedia&parent=395"}],"wp:term":[{"taxonomy":"category","embeddable":true,"href":"https:\/\/erdemlersozlugu.org\/index.php?rest_route=%2Fwp%2Fv2%2Fcategories&post=395"},{"taxonomy":"post_tag","embeddable":true,"href":"https:\/\/erdemlersozlugu.org\/index.php?rest_route=%2Fwp%2Fv2%2Ftags&post=395"}],"curies":[{"name":"wp","href":"https:\/\/api.w.org\/{rel}","templated":true}]}}